{"provider_url": "https://www.barro.ce.leg.br", "title": "Pauta movimentada na sess\u00e3o da C\u00e2mara de BARRO", "html": "<p>A Sess\u00e3o do dia 28 de abril, contou com muitos Projetos em benef\u00edcio das mais diversas localidades do Munic\u00edpio de Barro, dentre eles:</p>\r\n<p>\u2022 REQUERIMENTO N\u00ba 001/2022 \u2013 Autoria: Vereadores Jos\u00e9 Wenes dos Santos e Francisco das Chagas T. Rodrigues<br />Ementa: Requer a reforma do Pr\u00e9dio P\u00fablico, do Distrito de Iara, Centro Social Zilma Leite, neste Munic\u00edpio.</p>\r\n<p>\u2022 REQUERIMENTO N\u00ba 003/2022 \u2013 Autoria: Vereadores Jos\u00e9 Wenes dos Santos, Adriano de Almeida Feitosa, Cloves Ferreira da Silva e Francisco das Chagas T. Rodrigues<br />Ementa: Requer da Prefeitura Municipal provid\u00eancias no sentido de alocar recursos junto ao Governo Estadual ou Federal, com a finalidade de pi\u00e7arramento nas Estradas P\u00fablicas, deste Munic\u00edpio e d\u00e1 outras provid\u00eancias.</p>\r\n<p>\u2022 REQUERIMENTO N\u00ba 004/2022 \u2013 Autoria: Vereador Jos\u00e9 Wenes dos Santos<br />Ementa: Requer Opera\u00e7\u00e3o tapa buraco na Avenida Manoel Cardoso no Distrito de Iara.</p>\r\n<p>\u2022 REQUERIMENTO N\u00ba 002/2022 \u2013 Autoria: Vereador Jos\u00e9 Wilson de Sousa<br />Ementa: Requer da Administra\u00e7\u00e3o Municipal a viabilidade junto ao Governo do Estado para a inaugura\u00e7\u00e3o da Areninha localizada no Bairro S\u00e3o Francisco, neste Munic\u00edpio.</p>\r\n<p>\u2022 REQUERIMENTO N\u00ba 003/2022 \u2013 Autoria: Vereador Jos\u00e9 Wilson de Sousa<br />Ementa: Requer a constru\u00e7\u00e3o de uma Academia de Sa\u00fade para os Distritos de Santo Ant\u00f4nio e Brejinho.</p>\r\n<p>\u2022 REQUERIMENTO N\u00ba 003/2022 \u2013 Autoria: Vereador Joanes Vieira da Silva<br />Ementa: Requer constru\u00e7\u00e3o de uma passagem molhada no S\u00edtio Carna\u00faba, Zona Rural neste Munic\u00edpio.</p>\r\n<p>\u2022 REQUERIMENTO N\u00ba 001/2022 \u2013 Autoria: Vereador Francisco das Chagas T. Rodrigues<br />Ementa: Requer a Cess\u00e3o de Pr\u00e9dio P\u00fablico para uso da Associa\u00e7\u00e3o Montealegrense Ruralista, neste Munic\u00edpio.</p>\r\n<p>\u2022 REQUERIMENTO N\u00ba 002/2022 \u2013 Autoria: Vereadora Maria Pereira de Lira Silva<br />Ementa: Requer opera\u00e7\u00e3o para melhorias das vias p\u00fablicas do Munic\u00edpio.</p>\r\n<p>\u2022 REQUERIMENTO N\u00ba 002/2022 \u2013 Autoria: Vereador Adriano de Almeida Feitosa<br />Ementa: Requer da Secretaria de Trabalho e Assist\u00eancia Social, apoio no que tange o sistema de organiza\u00e7\u00e3o no Espa\u00e7o da Quadra CSU, e d\u00e1 outras provid\u00eancias.<br />REQUERIMENTO N\u00ba 001/2022 \u2013 Autoria: Vereadores Jos\u00e9 Wenes dos Santos e Francisco das Chagas T. Rodrigues<br />Ementa: Requer a reforma do Pr\u00e9dio P\u00fablico, do Distrito de Iara, Centro Social Zilma Leite, neste Munic\u00edpio.</p>\r\n<p>\u2022 REQUERIMENTO N\u00ba 003/2022 \u2013 Autoria: Vereadores Jos\u00e9 Wenes dos Santos, Adriano de Almeida Feitosa, Cloves Ferreira da Silva e Francisco das Chagas T. Rodrigues<br />Ementa: Requer da Prefeitura Municipal provid\u00eancias no sentido de alocar recursos junto ao Governo Estadual ou Federal, com a finalidade de pi\u00e7arramento nas Estradas P\u00fablicas, deste Munic\u00edpio e d\u00e1 outras provid\u00eancias.</p>\r\n<p>\u2022 REQUERIMENTO N\u00ba 004/2022 \u2013 Autoria: Vereador Jos\u00e9 Wenes dos Santos<br />Ementa: Requer Opera\u00e7\u00e3o tapa buraco na Avenida Manoel Cardoso no Distrito de Iara.</p>\r\n<p>\u2022 REQUERIMENTO N\u00ba 002/2022 \u2013 Autoria: Vereador Jos\u00e9 Wilson de Sousa<br />Ementa: Requer da Administra\u00e7\u00e3o Municipal a viabilidade junto ao Governo do Estado para a inaugura\u00e7\u00e3o da Areninha localizada no Bairro S\u00e3o Francisco, neste Munic\u00edpio.</p>\r\n<p>\u2022 REQUERIMENTO N\u00ba 003/2022 \u2013 Autoria: Vereador Jos\u00e9 Wilson de Sousa<br />Ementa: Requer a constru\u00e7\u00e3o de uma Academia de Sa\u00fade para os Distritos de Santo Ant\u00f4nio e Brejinho.</p>\r\n<p>\u2022 REQUERIMENTO N\u00ba 003/2022 \u2013 Autoria: Vereador Joanes Vieira da Silva<br />Ementa: Requer constru\u00e7\u00e3o de uma passagem molhada no S\u00edtio Carna\u00faba, Zona Rural neste Munic\u00edpio.</p>\r\n<p>\u2022 REQUERIMENTO N\u00ba 001/2022 \u2013 Autoria: Vereador Francisco das Chagas T. Rodrigues<br />Ementa: Requer a Cess\u00e3o de Pr\u00e9dio P\u00fablico para uso da Associa\u00e7\u00e3o Montealegrense Ruralista, neste Munic\u00edpio.<br />\u2022 REQUERIMENTO N\u00ba 002/2022 \u2013 Autoria: Vereadora Maria Pereira de Lira Silva<br />Ementa: Requer opera\u00e7\u00e3o para melhorias das vias p\u00fablicas do Munic\u00edpio.</p>\r\n<p>\u2022 REQUERIMENTO N\u00ba 002/2022 \u2013 Autoria: Vereador Adriano de Almeida Feitosa<br />Ementa: Requer da Secretaria de Trabalho e Assist\u00eancia Social, apoio no que tange o sistema de organiza\u00e7\u00e3o no Espa\u00e7o da Quadra CSU, e d\u00e1 outras provid\u00eancias.</p>\r\n<p>A Prefeitura Municipal, enviou ao Legislativo, 4 (quatro) Projeto de Lei, todos lidos e enviados as Comiss\u00f5es Permanentes da Casa, para dentro do prazo regimental recebam seus devidos Pareceres, para em seguida serem discutidos e votados.</p>\r\n<p>Destaque tamb\u00e9m para o novo Plen\u00e1rio, completamente reformado, com m\u00f3veis de alta qualidade, tudo isso foi idealizado pela Presidente da C\u00e2mara, Vereadora Maria Pereira de Lira Silva, objetivando o melhor conforto tanto para os Vereadores quanto a popula\u00e7\u00e3o que assiste todas as quintas-feiras as Sess\u00f5es do Legislativo na galeria daquela Casa.</p>\r\n<p>As Sess\u00f5es da C\u00e2mara Municipal acontecem todas as quintas-feiras, a partir das 9h00, e transmitidas em tempo real nas redes socais do Poder Legislativo.</p>", "author_name": "", "version": "1.0", "author_url": "https://www.barro.ce.leg.br/author/bar", "provider_name": "C\u00e2mara Municipal", "type": "rich"}